{"id":2745,"date":"2023-09-08T09:15:02","date_gmt":"2023-09-08T14:15:02","guid":{"rendered":"https:\/\/www.pasadenahealthcenter.com\/es\/?p=2745"},"modified":"2026-04-18T03:07:47","modified_gmt":"2026-04-18T08:07:47","slug":"abordar-el-trastorno-de-estres-postraumatico","status":"publish","type":"post","link":"https:\/\/www.phcx.org\/es\/blog\/salud-mental\/abordar-el-trastorno-de-estres-postraumatico\/","title":{"rendered":"Abordar el trastorno de estr\u00e9s postraum\u00e1tico"},"content":{"rendered":"\r\n<p>En PHC, nos dedicamos a brindar soluciones integrales de atenci\u00f3n m\u00e9dica a la comunidad de Pasadena. Entendemos que la <a href=\"https:\/\/www.phcx.org\/es\/counseling\/\"><strong>salud mental<\/strong><\/a> es un aspecto crucial del bienestar general, especialmente para nuestros veteranos. En esta publicaci\u00f3n de blog, arrojaremos luz sobre el tema del PTSD (trastorno de estr\u00e9s postraum\u00e1tico) y su impacto en los veteranos de nuestra comunidad.&nbsp;<\/p>\r\n\r\n\r\n\r\n<h2 class=\"wp-block-heading\">Comprender el trastorno de estr\u00e9s postraum\u00e1tico y su impacto&nbsp;<\/h2>\r\n\r\n\r\n\r\n<p>El PTSD, o trastorno de estr\u00e9s postraum\u00e1tico, es una afecci\u00f3n que puede ocurrir despu\u00e9s de que alguien haya pasado por una experiencia traum\u00e1tica. Puede provocar s\u00edntomas como pesadillas recurrentes, sentirse constantemente nervioso o evitar situaciones que les recuerden a los veteranos sus experiencias pasadas. Muchos veteranos en Pasadena podr\u00edan estar enfrentando estos desaf\u00edos y es importante brindarles comprensi\u00f3n y apoyo para ayudarlos a superar estas dificultades.&nbsp;<\/p>\r\n\r\n\r\n\r\n<h2 class=\"wp-block-heading\">Por qu\u00e9 los veteranos se ven afectados&nbsp;<\/h2>\r\n\r\n\r\n\r\n<p>Nuestros veteranos a menudo han enfrentado situaciones peligrosas y angustiosas durante su servicio militar. Estas experiencias pueden generar recuerdos traum\u00e1ticos que contin\u00faan afect\u00e1ndolos incluso despu\u00e9s de regresar a la vida civil. La transici\u00f3n de la vida militar a la civil tambi\u00e9n puede introducir nuevos factores estresantes que contribuyan al desarrollo del trastorno de estr\u00e9s postraum\u00e1tico. Es importante recordar que los veteranos de todas las ramas del ej\u00e9rcito pueden verse afectados y en PHC estamos aqu\u00ed para ofrecer nuestro apoyo.&nbsp;<\/p>\r\n\r\n\r\n\r\n<h2 class=\"wp-block-heading\">Apoyo de PHC a los veteranos&nbsp;<\/h2>\r\n\r\n\r\n\r\n<p>En PHC, hemos establecido programas especiales dise\u00f1ados para abordar las necesidades de salud mental de los veteranos. Nuestro equipo de expertos comprende las experiencias \u00fanicas por las que han pasado los veteranos y brindamos atenci\u00f3n personalizada que tiene en cuenta estas experiencias. Ofrecemos una variedad de servicios, incluidos grupos de apoyo y terapia, dise\u00f1ados para los veteranos y sus familias.<\/p>\r\n\r\n\r\n\r\n<h2 class=\"wp-block-heading\">Historias de \u00e9xito&nbsp;<\/h2>\r\n\r\n\r\n\r\n<p>Las historias de la vida real de veteranos que han buscado ayuda en PHC son testimonio del impacto positivo de una atenci\u00f3n adecuada de la salud mental. Al buscar ayuda, estos veteranos han demostrado una fuerza y \u200b\u200buna resiliencia incre\u00edbles. Nuestra atenci\u00f3n les ha ayudado a superar los desaf\u00edos del trastorno de estr\u00e9s postraum\u00e1tico y recuperar el control de sus vidas, record\u00e1ndonos a todos que buscar ayuda es una se\u00f1al de valent\u00eda.&nbsp;<\/p>\r\n\r\n\r\n\r\n<h2 class=\"wp-block-heading\">Colaboraci\u00f3n y comunidad&nbsp;<\/h2>\r\n\r\n\r\n\r\n<p>PHC cree en el poder de la colaboraci\u00f3n y el apoyo comunitario. Trabajamos en estrecha colaboraci\u00f3n con organizaciones locales, grupos de veteranos y recursos comunitarios para crear una red integral de atenci\u00f3n. A trav\u00e9s de talleres, eventos y seminarios, nuestro objetivo es crear conciencia sobre los problemas de salud mental de los veteranos y brindarles las herramientas que necesitan para llevar una vida plena.&nbsp;<\/p>\r\n\r\n\r\n\r\n<h2 class=\"wp-block-heading\">Llamada a la acci\u00f3n&nbsp;<\/h2>\r\n\r\n\r\n\r\n<p>Si es un veterano en Pasadena que est\u00e1 luchando con problemas de salud mental, sepa que no est\u00e1 solo. Comun\u00edquese con el PHC para acceder a nuestros programas especializados y servicios de apoyo. Si conoce a un veterano que podr\u00eda beneficiarse de nuestros servicios, corra la voz. Juntos, podemos garantizar que todos los veteranos de nuestra comunidad reciban la atenci\u00f3n y el apoyo que merecen.&nbsp;<\/p>\r\n\r\n\r\n\r\n<h2 class=\"wp-block-heading\">Conf\u00ede en el PHC<\/h2>\r\n\r\n\r\n\r\n<p>En el <a href=\"https:\/\/www.phcx.org\/es\/contactenos\/\"><strong>PHC<\/strong><\/a>, estamos comprometidos con el bienestar de nuestros veteranos. Al abordar las necesidades de salud mental de nuestros veteranos y brindarles la atenci\u00f3n y la comprensi\u00f3n que merecen, estamos trabajando hacia un futuro en el que puedan llevar una vida plena. Un\u00e1monos como comunidad para garantizar que nuestros veteranos reciban el apoyo que necesitan para superar el trastorno de estr\u00e9s postraum\u00e1tico y prosperar.<\/p>\r\n","protected":false},"excerpt":{"rendered":"<p>En PHC, nos dedicamos a brindar soluciones integrales de atenci\u00f3n m\u00e9dica a la comunidad de Pasadena. Entendemos que la salud mental es un aspecto crucial del bienestar general, especialmente para nuestros veteranos. En esta publicaci\u00f3n de blog, arrojaremos luz sobre el tema del PTSD (trastorno de estr\u00e9s postraum\u00e1tico) y su impacto en los veteranos de [&hellip;]<\/p>\n","protected":false},"author":5,"featured_media":8182,"comment_status":"open","ping_status":"open","sticky":false,"template":"","format":"standard","meta":{"_et_pb_use_builder":"","_et_pb_old_content":"","_et_gb_content_width":"","footnotes":""},"categories":[389],"tags":[445],"class_list":["post-2745","post","type-post","status-publish","format-standard","has-post-thumbnail","hentry","category-salud-mental","tag-ptsd"],"aioseo_notices":[],"_links":{"self":[{"href":"https:\/\/www.phcx.org\/es\/wp-json\/wp\/v2\/posts\/2745","targetHints":{"allow":["GET"]}}],"collection":[{"href":"https:\/\/www.phcx.org\/es\/wp-json\/wp\/v2\/posts"}],"about":[{"href":"https:\/\/www.phcx.org\/es\/wp-json\/wp\/v2\/types\/post"}],"author":[{"embeddable":true,"href":"https:\/\/www.phcx.org\/es\/wp-json\/wp\/v2\/users\/5"}],"replies":[{"embeddable":true,"href":"https:\/\/www.phcx.org\/es\/wp-json\/wp\/v2\/comments?post=2745"}],"version-history":[{"count":2,"href":"https:\/\/www.phcx.org\/es\/wp-json\/wp\/v2\/posts\/2745\/revisions"}],"predecessor-version":[{"id":8292,"href":"https:\/\/www.phcx.org\/es\/wp-json\/wp\/v2\/posts\/2745\/revisions\/8292"}],"wp:featuredmedia":[{"embeddable":true,"href":"https:\/\/www.phcx.org\/es\/wp-json\/wp\/v2\/media\/8182"}],"wp:attachment":[{"href":"https:\/\/www.phcx.org\/es\/wp-json\/wp\/v2\/media?parent=2745"}],"wp:term":[{"taxonomy":"category","embeddable":true,"href":"https:\/\/www.phcx.org\/es\/wp-json\/wp\/v2\/categories?post=2745"},{"taxonomy":"post_tag","embeddable":true,"href":"https:\/\/www.phcx.org\/es\/wp-json\/wp\/v2\/tags?post=2745"}],"curies":[{"name":"wp","href":"https:\/\/api.w.org\/{rel}","templated":true}]}}